{"id":9973,"date":"2026-03-08T05:08:07","date_gmt":"2026-03-08T05:08:07","guid":{"rendered":"https:\/\/resizemyimg.com\/blog\/?p=9973"},"modified":"2026-03-08T05:11:16","modified_gmt":"2026-03-08T05:11:16","slug":"public-holidays-and-observances-in-the-czech-republic-in-2026","status":"publish","type":"post","link":"https:\/\/resizemyimg.com\/blog\/public-holidays-and-observances-in-the-czech-republic-in-2026\/","title":{"rendered":"Public holidays and observances in the Czech Republic in 2026"},"content":{"rendered":"<p>The Czech Republic observes a rich calendar of public holidays and commemorative days that reflect its deep historical roots, Christian traditions, and modern democratic identity. In 2026, citizens and visitors alike will experience a balanced mix of state holidays, religious celebrations, and meaningful observances distributed throughout the year. These days not only provide time for rest and family gatherings but also serve as powerful reminders of the nation\u2019s cultural heritage and significant historical milestones.<\/p>\n<p><strong>TLDR:<\/strong> In 2026, the Czech Republic celebrates 13 official public holidays, combining religious traditions with key historical anniversaries. Major holidays such as Easter, Christmas, and St. Wenceslas Day remain central to national life, while statehood and freedom commemorations reflect the country\u2019s modern identity. Many holidays fall near weekends in 2026, offering opportunities for extended breaks. Understanding these dates helps residents and travelers plan accordingly while appreciating Czech culture.<\/p>\n<h2><strong>Overview of Public Holidays in 2026<\/strong><\/h2>\n<p>The Czech Republic recognizes <strong>13 official public holidays<\/strong> established by law. On these days, most government offices, banks, post offices, and many businesses close. If a holiday falls on a weekend, it is generally <em>not<\/em> moved to a weekday, unlike in some other European countries.<\/p>\n<p>Here is a chronological overview of public holidays in 2026:<\/p>\n<ul>\n<li><strong>January 1 (Thursday)<\/strong> \u2013 Restoration Day of the Independent Czech State &amp; New Year\u2019s Day<\/li>\n<li><strong>April 3 (Friday)<\/strong> \u2013 Good Friday<\/li>\n<li><strong>April 6 (Monday)<\/strong> \u2013 Easter Monday<\/li>\n<li><strong>May 1 (Friday)<\/strong> \u2013 Labour Day<\/li>\n<li><strong>May 8 (Friday)<\/strong> \u2013 Victory in Europe Day<\/li>\n<li><strong>July 5 (Sunday)<\/strong> \u2013 Saints Cyril and Methodius Day<\/li>\n<li><strong>July 6 (Monday)<\/strong> \u2013 Jan Hus Day<\/li>\n<li><strong>September 28 (Monday)<\/strong> \u2013 St. Wenceslas Day (Czech Statehood Day)<\/li>\n<li><strong>October 28 (Wednesday)<\/strong> \u2013 Independent Czechoslovak State Day<\/li>\n<li><strong>November 17 (Tuesday)<\/strong> \u2013 Struggle for Freedom and Democracy Day<\/li>\n<li><strong>December 24 (Thursday)<\/strong> \u2013 Christmas Eve<\/li>\n<li><strong>December 25 (Friday)<\/strong> \u2013 Christmas Day<\/li>\n<li><strong>December 26 (Saturday)<\/strong> \u2013 St. Stephen\u2019s Day<\/li>\n<\/ul>\n<h2><strong>Winter Holidays: A Reflective Beginning and Festive End<\/strong><\/h2>\n<p>The year begins with a dual celebration on <strong>January 1<\/strong>. In addition to welcoming the New Year, the Czech Republic commemorates the <em>Restoration Day of the Independent Czech State<\/em>, marking the peaceful dissolution of Czechoslovakia in 1993 and the formation of the Czech Republic.<\/p>\n<p>Meanwhile, the holiday season reaches its peak in late December. Christmas celebrations in the Czech Republic are especially meaningful.<\/p>\n<img loading=\"lazy\" decoding=\"async\" width=\"1080\" height=\"720\" src=\"https:\/\/resizemyimg.com\/blog\/wp-content\/uploads\/2026\/03\/a-statue-of-a-woman-in-front-of-a-building-jan-hus-statue-prague-old-town-square-monument-historical-sculpture.jpg\" class=\"attachment-full size-full\" alt=\"\" srcset=\"https:\/\/resizemyimg.com\/blog\/wp-content\/uploads\/2026\/03\/a-statue-of-a-woman-in-front-of-a-building-jan-hus-statue-prague-old-town-square-monument-historical-sculpture.jpg 1080w, https:\/\/resizemyimg.com\/blog\/wp-content\/uploads\/2026\/03\/a-statue-of-a-woman-in-front-of-a-building-jan-hus-statue-prague-old-town-square-monument-historical-sculpture-300x200.jpg 300w, https:\/\/resizemyimg.com\/blog\/wp-content\/uploads\/2026\/03\/a-statue-of-a-woman-in-front-of-a-building-jan-hus-statue-prague-old-town-square-monument-historical-sculpture-1024x683.jpg 1024w, https:\/\/resizemyimg.com\/blog\/wp-content\/uploads\/2026\/03\/a-statue-of-a-woman-in-front-of-a-building-jan-hus-statue-prague-old-town-square-monument-historical-sculpture-575x383.jpg 575w, https:\/\/resizemyimg.com\/blog\/wp-content\/uploads\/2026\/03\/a-statue-of-a-woman-in-front-of-a-building-jan-hus-statue-prague-old-town-square-monument-historical-sculpture-768x512.jpg 768w\" sizes=\"(max-width: 1080px) 100vw, 1080px\" \/>\n<p><strong>Christmas Eve (December 24)<\/strong> is the most significant day of the holiday season. Families gather for a traditional dinner often consisting of fried carp and potato salad. Gifts are exchanged in the evening, brought by <em>Je\u017e\u00ed\u0161ek<\/em> (Baby Jesus). December 25 and 26 are official public holidays, devoted to relaxation, visits with relatives, and festive meals.<\/p>\n<h2><strong>Spring: Easter and National Pride<\/strong><\/h2>\n<p><strong>Easter<\/strong> plays a central role in Czech spring traditions. In 2026, <em>Good Friday<\/em> falls on April 3, and <em>Easter Monday<\/em> on April 6, creating a long weekend.<\/p>\n<p>Easter Monday features unique Czech customs. Boys traditionally braid willow switches called <em>poml\u00e1zka<\/em> and lightly tap girls on the legs to symbolize health and youth for the coming year. Although rooted in pagan traditions, Easter also holds deep Christian significance.<\/p>\n<p>May brings two holidays that often allow long weekends:<\/p>\n<ul>\n<li><strong>May 1 \u2013 Labour Day:<\/strong> This day celebrates workers\u2019 rights and is also associated with springtime and romance. Couples often visit parks, especially Prague\u2019s Pet\u0159\u00edn Hill.<\/li>\n<li><strong>May 8 \u2013 Victory in Europe Day:<\/strong> Commemorates the end of World War II in Europe in 1945 and honors those who fought for freedom.<\/li>\n<\/ul>\n<h2><strong>Summer Observances: Faith and Reform<\/strong><\/h2>\n<p>July contains two back-to-back significant holidays in 2026:<\/p>\n<ul>\n<li><strong>July 5 \u2013 Saints Cyril and Methodius Day (Sunday)<\/strong><\/li>\n<li><strong>July 6 \u2013 Jan Hus Day (Monday)<\/strong><\/li>\n<\/ul>\n<p>Saints Cyril and Methodius are credited with bringing Christianity and the first Slavic alphabet to the region in the 9th century. Religious services and cultural events mark the day.<\/p>\n<p>The following day honors <strong>Jan Hus<\/strong>, the 15th-century religious reformer who was burned at the stake in 1415. He remains a powerful symbol of moral courage and reform. His legacy influenced Protestant movements across Europe.<\/p>\n<img loading=\"lazy\" decoding=\"async\" width=\"1080\" height=\"809\" src=\"https:\/\/resizemyimg.com\/blog\/wp-content\/uploads\/2026\/03\/old-town-square-with-church-of-our-lady-before-tyn-jan-hus-statue-prague-old-town-square-monument-historical-sculpture.jpg\" class=\"attachment-full size-full\" alt=\"\" srcset=\"https:\/\/resizemyimg.com\/blog\/wp-content\/uploads\/2026\/03\/old-town-square-with-church-of-our-lady-before-tyn-jan-hus-statue-prague-old-town-square-monument-historical-sculpture.jpg 1080w, https:\/\/resizemyimg.com\/blog\/wp-content\/uploads\/2026\/03\/old-town-square-with-church-of-our-lady-before-tyn-jan-hus-statue-prague-old-town-square-monument-historical-sculpture-300x225.jpg 300w, https:\/\/resizemyimg.com\/blog\/wp-content\/uploads\/2026\/03\/old-town-square-with-church-of-our-lady-before-tyn-jan-hus-statue-prague-old-town-square-monument-historical-sculpture-1024x767.jpg 1024w, https:\/\/resizemyimg.com\/blog\/wp-content\/uploads\/2026\/03\/old-town-square-with-church-of-our-lady-before-tyn-jan-hus-statue-prague-old-town-square-monument-historical-sculpture-575x431.jpg 575w, https:\/\/resizemyimg.com\/blog\/wp-content\/uploads\/2026\/03\/old-town-square-with-church-of-our-lady-before-tyn-jan-hus-statue-prague-old-town-square-monument-historical-sculpture-768x575.jpg 768w\" sizes=\"(max-width: 1080px) 100vw, 1080px\" \/>\n<p>Because July 6 falls on a Monday in 2026, many people will benefit from a three-day weekend, especially since July 5 occurs on Sunday.<\/p>\n<h2><strong>Autumn: Statehood and Democracy<\/strong><\/h2>\n<p>Autumn features several deeply patriotic holidays.<\/p>\n<p><strong>September 28 \u2013 St. Wenceslas Day<\/strong> celebrates the patron saint of the Czech lands. St. Wenceslas symbolizes national unity and statehood. Ceremonies occur in Prague and Star\u00e1 Boleslav, where he was assassinated in 935.<\/p>\n<p><strong>October 28 \u2013 Independent Czechoslovak State Day<\/strong> marks the founding of Czechoslovakia in 1918 following the collapse of the Austro-Hungarian Empire. The President traditionally awards state honors during a televised ceremony.<\/p>\n<p><strong>November 17 \u2013 Struggle for Freedom and Democracy Day<\/strong> commemorates two major historical events: the Nazi crackdown on Czech universities in 1939 and the student demonstrations in 1989 that sparked the Velvet Revolution, leading to the end of communist rule.<\/p>\nImage not found in postmeta<br \/>\n<p>This day remains particularly meaningful for modern Czech identity, highlighting the country\u2019s commitment to democracy and human rights.<\/p>\n<h2><strong>Observances vs. Public Holidays<\/strong><\/h2>\n<p>In addition to official holidays, the Czech Republic recognizes several <em>important observance days<\/em> that are not days off work. These include:<\/p>\n<ul>\n<li><strong>January 27<\/strong> \u2013 Holocaust Remembrance Day<\/li>\n<li><strong>March 8<\/strong> \u2013 International Women\u2019s Day<\/li>\n<li><strong>May 5<\/strong> \u2013 Prague Uprising Anniversary<\/li>\n<li><strong>June 10<\/strong> \u2013 Lidice Memorial Day<\/li>\n<\/ul>\n<p>While businesses remain open, schools and institutions often hold educational programs or memorial ceremonies.<\/p>\n<h2><strong>How Holidays Affect Business and Travel in 2026<\/strong><\/h2>\n<p>In 2026, several public holidays conveniently fall on Fridays or Mondays, creating extended weekends. These include:<\/p>\n<ul>\n<li>Good Friday (April 3)<\/li>\n<li>Easter Monday (April 6)<\/li>\n<li>Labour Day (May 1)<\/li>\n<li>Victory in Europe Day (May 8)<\/li>\n<li>Jan Hus Day (July 6)<\/li>\n<li>St. Wenceslas Day (September 28)<\/li>\n<\/ul>\n<p>This pattern may result in increased domestic tourism, especially to mountain areas and historical cities such as Prague, \u010cesk\u00fd Krumlov, and Karlovy Vary.<\/p>\n<p>It is important to note:<\/p>\n<ul>\n<li>Large supermarkets may remain open during certain holidays, but smaller shops usually close.<\/li>\n<li>Public transportation typically operates on a Sunday or holiday schedule.<\/li>\n<li>Cultural attractions may have adjusted opening hours.<\/li>\n<\/ul>\n<h2><strong>Cultural Significance of Czech Public Holidays<\/strong><\/h2>\n<p>Czech public holidays blend <strong>Christian traditions<\/strong>, <strong>national pride<\/strong>, and <strong>democratic values<\/strong>. Many holidays originated from religious observances but gradually incorporated national importance. For example, St. Wenceslas Day is both a religious and state holiday.<\/p>\n<p>The Czech approach to holidays often emphasizes:<\/p>\n<ul>\n<li>Family gatherings<\/li>\n<li>Reflection on history<\/li>\n<li>Outdoor activities during spring and summer<\/li>\n<li>Participation in memorial ceremonies<\/li>\n<\/ul>\n<p>Unlike some Western countries, commercialism is generally less dominant outside of Christmas. Historical commemorations, such as November 17, often include civic engagement and public discussions.<\/p>\n<h2><strong>Conclusion<\/strong><\/h2>\n<p>The 2026 calendar of public holidays and observances in the Czech Republic represents far more than days off work. It offers insight into the nation\u2019s journey\u2014from medieval saints and religious reformers to independence movements and democratic revolutions. With several holidays falling near weekends, 2026 provides convenient opportunities for travel and extended rest. At the same time, each commemorative day invites reflection on the country\u2019s cultural depth and historical resilience.<\/p>\n<h2><strong>Frequently Asked Questions (FAQ)<\/strong><\/h2>\n<h3><strong>1. How many public holidays are there in the Czech Republic in 2026?<\/strong><\/h3>\n<p>There are 13 official public holidays in 2026 recognized by Czech law.<\/p>\n<h3><strong>2. Are shops closed on public holidays?<\/strong><\/h3>\n<p>Many shops, especially smaller businesses, close on public holidays. Large supermarkets may remain open on some holidays, but restrictions can apply.<\/p>\n<h3><strong>3. Are Czech public holidays moved if they fall on weekends?<\/strong><\/h3>\n<p>No, the Czech Republic typically does not move holidays to the nearest weekday if they fall on a weekend.<\/p>\n<h3><strong>4. What are the most important Czech holidays?<\/strong><\/h3>\n<p>Christmas (especially December 24), Easter, St. Wenceslas Day (September 28), October 28, and November 17 are considered particularly significant.<\/p>\n<h3><strong>5. Is November 17 a public holiday?<\/strong><\/h3>\n<p>Yes, November 17 is a public holiday known as the Struggle for Freedom and Democracy Day.<\/p>\n<h3><strong>6. What makes Easter Monday unique in the Czech Republic?<\/strong><\/h3>\n<p>Easter Monday includes the traditional <em>poml\u00e1zka<\/em> custom, where boys use braided willow switches in a symbolic ritual intended to bring health and vitality.<\/p>\n<h3><strong>7. Are there any long weekends in 2026?<\/strong><\/h3>\n<p>Yes, several holidays in 2026 fall on Fridays or Mondays, creating opportunities for extended weekends, particularly around Easter, early May, early July, and late September.<\/p>\n","protected":false},"excerpt":{"rendered":"<p>The Czech Republic observes a rich calendar of public holidays and commemorative days that reflect its deep historical roots, Christian traditions, and modern democratic identity. In 2026, citizens and visitors alike will experience a balanced mix of state holidays, religious celebrations, and meaningful observances distributed throughout the year. These days not only provide time for rest and family gatherings but also serve as powerful reminders of the nation\u2019s cultural heritage and significant historical milestones. <\/p>\n<p class=\"read-more-container\"><a href=\"https:\/\/resizemyimg.com\/blog\/public-holidays-and-observances-in-the-czech-republic-in-2026\/\" class=\"read-more button\">Read more<\/a><\/p>\n","protected":false},"author":91,"featured_media":9975,"comment_status":"closed","ping_status":"open","sticky":false,"template":"","format":"standard","meta":{"footnotes":""},"categories":[1],"tags":[],"class_list":["post-9973","post","type-post","status-publish","format-standard","has-post-thumbnail","hentry","category-blog","generate-columns","tablet-grid-50","mobile-grid-100","grid-parent","grid-50","no-featured-image-padding"],"yoast_head":"<!-- This site is optimized with the Yoast SEO plugin v23.3 - https:\/\/yoast.com\/wordpress\/plugins\/seo\/ -->\n<title>Public holidays and observances in the Czech Republic in 2026<\/title>\n<meta name=\"robots\" content=\"index, follow, max-snippet:-1, max-image-preview:large, max-video-preview:-1\" \/>\n<link rel=\"canonical\" href=\"https:\/\/resizemyimg.com\/blog\/public-holidays-and-observances-in-the-czech-republic-in-2026\/\" \/>\n<meta property=\"og:locale\" content=\"en_US\" \/>\n<meta property=\"og:type\" content=\"article\" \/>\n<meta property=\"og:title\" content=\"Public holidays and observances in the Czech Republic in 2026\" \/>\n<meta property=\"og:description\" content=\"The Czech Republic observes a rich calendar of public holidays and commemorative days that reflect its deep historical roots, Christian traditions, and modern democratic identity. In 2026, citizens and visitors alike will experience a balanced mix of state holidays, religious celebrations, and meaningful observances distributed throughout the year. These days not only provide time for rest and family gatherings but also serve as powerful reminders of the nation\u2019s cultural heritage and significant historical milestones. Read more\" \/>\n<meta property=\"og:url\" content=\"https:\/\/resizemyimg.com\/blog\/public-holidays-and-observances-in-the-czech-republic-in-2026\/\" \/>\n<meta property=\"og:site_name\" content=\"Resize my Image Blog\" \/>\n<meta property=\"article:publisher\" content=\"https:\/\/www.facebook.com\/webfactoryltd\/\" \/>\n<meta property=\"article:published_time\" content=\"2026-03-08T05:08:07+00:00\" \/>\n<meta property=\"article:modified_time\" content=\"2026-03-08T05:11:16+00:00\" \/>\n<meta property=\"og:image\" content=\"https:\/\/resizemyimg.com\/blog\/wp-content\/uploads\/2026\/03\/christmas-market-with-decorated-tree-at-night-prague-christmas-market-old-town-square-festive-lights-winter-holiday.jpg\" \/>\n\t<meta property=\"og:image:width\" content=\"1080\" \/>\n\t<meta property=\"og:image:height\" content=\"720\" \/>\n\t<meta property=\"og:image:type\" content=\"image\/jpeg\" \/>\n<meta name=\"author\" content=\"Jame Miller\" \/>\n<meta name=\"twitter:card\" content=\"summary_large_image\" \/>\n<meta name=\"twitter:creator\" content=\"@webfactoryltd\" \/>\n<meta name=\"twitter:site\" content=\"@webfactoryltd\" \/>\n<meta name=\"twitter:label1\" content=\"Written by\" \/>\n\t<meta name=\"twitter:data1\" content=\"Jame Miller\" \/>\n\t<meta name=\"twitter:label2\" content=\"Est. reading time\" \/>\n\t<meta name=\"twitter:data2\" content=\"6 minutes\" \/>\n<script type=\"application\/ld+json\" class=\"yoast-schema-graph\">{\"@context\":\"https:\/\/schema.org\",\"@graph\":[{\"@type\":\"Article\",\"@id\":\"https:\/\/resizemyimg.com\/blog\/public-holidays-and-observances-in-the-czech-republic-in-2026\/#article\",\"isPartOf\":{\"@id\":\"https:\/\/resizemyimg.com\/blog\/public-holidays-and-observances-in-the-czech-republic-in-2026\/\"},\"author\":{\"name\":\"Jame Miller\",\"@id\":\"https:\/\/resizemyimg.com\/blog\/#\/schema\/person\/4bece8cd1b5bcd61a4e5dab002eb7dca\"},\"headline\":\"Public holidays and observances in the Czech Republic in 2026\",\"datePublished\":\"2026-03-08T05:08:07+00:00\",\"dateModified\":\"2026-03-08T05:11:16+00:00\",\"mainEntityOfPage\":{\"@id\":\"https:\/\/resizemyimg.com\/blog\/public-holidays-and-observances-in-the-czech-republic-in-2026\/\"},\"wordCount\":1304,\"publisher\":{\"@id\":\"https:\/\/resizemyimg.com\/blog\/#organization\"},\"image\":{\"@id\":\"https:\/\/resizemyimg.com\/blog\/public-holidays-and-observances-in-the-czech-republic-in-2026\/#primaryimage\"},\"thumbnailUrl\":\"https:\/\/resizemyimg.com\/blog\/wp-content\/uploads\/2026\/03\/christmas-market-with-decorated-tree-at-night-prague-christmas-market-old-town-square-festive-lights-winter-holiday.jpg\",\"articleSection\":[\"Blog\"],\"inLanguage\":\"en-US\"},{\"@type\":\"WebPage\",\"@id\":\"https:\/\/resizemyimg.com\/blog\/public-holidays-and-observances-in-the-czech-republic-in-2026\/\",\"url\":\"https:\/\/resizemyimg.com\/blog\/public-holidays-and-observances-in-the-czech-republic-in-2026\/\",\"name\":\"Public holidays and observances in the Czech Republic in 2026\",\"isPartOf\":{\"@id\":\"https:\/\/resizemyimg.com\/blog\/#website\"},\"primaryImageOfPage\":{\"@id\":\"https:\/\/resizemyimg.com\/blog\/public-holidays-and-observances-in-the-czech-republic-in-2026\/#primaryimage\"},\"image\":{\"@id\":\"https:\/\/resizemyimg.com\/blog\/public-holidays-and-observances-in-the-czech-republic-in-2026\/#primaryimage\"},\"thumbnailUrl\":\"https:\/\/resizemyimg.com\/blog\/wp-content\/uploads\/2026\/03\/christmas-market-with-decorated-tree-at-night-prague-christmas-market-old-town-square-festive-lights-winter-holiday.jpg\",\"datePublished\":\"2026-03-08T05:08:07+00:00\",\"dateModified\":\"2026-03-08T05:11:16+00:00\",\"breadcrumb\":{\"@id\":\"https:\/\/resizemyimg.com\/blog\/public-holidays-and-observances-in-the-czech-republic-in-2026\/#breadcrumb\"},\"inLanguage\":\"en-US\",\"potentialAction\":[{\"@type\":\"ReadAction\",\"target\":[\"https:\/\/resizemyimg.com\/blog\/public-holidays-and-observances-in-the-czech-republic-in-2026\/\"]}]},{\"@type\":\"ImageObject\",\"inLanguage\":\"en-US\",\"@id\":\"https:\/\/resizemyimg.com\/blog\/public-holidays-and-observances-in-the-czech-republic-in-2026\/#primaryimage\",\"url\":\"https:\/\/resizemyimg.com\/blog\/wp-content\/uploads\/2026\/03\/christmas-market-with-decorated-tree-at-night-prague-christmas-market-old-town-square-festive-lights-winter-holiday.jpg\",\"contentUrl\":\"https:\/\/resizemyimg.com\/blog\/wp-content\/uploads\/2026\/03\/christmas-market-with-decorated-tree-at-night-prague-christmas-market-old-town-square-festive-lights-winter-holiday.jpg\",\"width\":1080,\"height\":720},{\"@type\":\"BreadcrumbList\",\"@id\":\"https:\/\/resizemyimg.com\/blog\/public-holidays-and-observances-in-the-czech-republic-in-2026\/#breadcrumb\",\"itemListElement\":[{\"@type\":\"ListItem\",\"position\":1,\"name\":\"Home\",\"item\":\"https:\/\/resizemyimg.com\/blog\/\"},{\"@type\":\"ListItem\",\"position\":2,\"name\":\"Public holidays and observances in the Czech Republic in 2026\"}]},{\"@type\":\"WebSite\",\"@id\":\"https:\/\/resizemyimg.com\/blog\/#website\",\"url\":\"https:\/\/resizemyimg.com\/blog\/\",\"name\":\"Resize my Image Blog\",\"description\":\"News, insights, tips&amp;tricks on image related business &amp; SaaS\",\"publisher\":{\"@id\":\"https:\/\/resizemyimg.com\/blog\/#organization\"},\"potentialAction\":[{\"@type\":\"SearchAction\",\"target\":{\"@type\":\"EntryPoint\",\"urlTemplate\":\"https:\/\/resizemyimg.com\/blog\/?s={search_term_string}\"},\"query-input\":\"required name=search_term_string\"}],\"inLanguage\":\"en-US\"},{\"@type\":\"Organization\",\"@id\":\"https:\/\/resizemyimg.com\/blog\/#organization\",\"name\":\"WebFactory Ltd\",\"url\":\"https:\/\/resizemyimg.com\/blog\/\",\"logo\":{\"@type\":\"ImageObject\",\"inLanguage\":\"en-US\",\"@id\":\"https:\/\/resizemyimg.com\/blog\/#\/schema\/logo\/image\/\",\"url\":\"https:\/\/resizemyimg.com\/blog\/wp-content\/uploads\/2019\/12\/webfactory_icon.png\",\"contentUrl\":\"https:\/\/resizemyimg.com\/blog\/wp-content\/uploads\/2019\/12\/webfactory_icon.png\",\"width\":300,\"height\":300,\"caption\":\"WebFactory Ltd\"},\"image\":{\"@id\":\"https:\/\/resizemyimg.com\/blog\/#\/schema\/logo\/image\/\"},\"sameAs\":[\"https:\/\/www.facebook.com\/webfactoryltd\/\",\"https:\/\/x.com\/webfactoryltd\"]},{\"@type\":\"Person\",\"@id\":\"https:\/\/resizemyimg.com\/blog\/#\/schema\/person\/4bece8cd1b5bcd61a4e5dab002eb7dca\",\"name\":\"Jame Miller\",\"image\":{\"@type\":\"ImageObject\",\"inLanguage\":\"en-US\",\"@id\":\"https:\/\/resizemyimg.com\/blog\/#\/schema\/person\/image\/\",\"url\":\"https:\/\/secure.gravatar.com\/avatar\/f60a3114f608fcfdd6b15a13f37f24b2?s=96&d=monsterid&r=g\",\"contentUrl\":\"https:\/\/secure.gravatar.com\/avatar\/f60a3114f608fcfdd6b15a13f37f24b2?s=96&d=monsterid&r=g\",\"caption\":\"Jame Miller\"},\"description\":\"I'm Jame Miller, a cybersecurity analyst and blogger. Sharing knowledge on online security, data protection, and privacy issues is what I do best.\",\"url\":\"https:\/\/resizemyimg.com\/blog\/author\/jamesm\/\"}]}<\/script>\n<!-- \/ Yoast SEO plugin. -->","yoast_head_json":{"title":"Public holidays and observances in the Czech Republic in 2026","robots":{"index":"index","follow":"follow","max-snippet":"max-snippet:-1","max-image-preview":"max-image-preview:large","max-video-preview":"max-video-preview:-1"},"canonical":"https:\/\/resizemyimg.com\/blog\/public-holidays-and-observances-in-the-czech-republic-in-2026\/","og_locale":"en_US","og_type":"article","og_title":"Public holidays and observances in the Czech Republic in 2026","og_description":"The Czech Republic observes a rich calendar of public holidays and commemorative days that reflect its deep historical roots, Christian traditions, and modern democratic identity. In 2026, citizens and visitors alike will experience a balanced mix of state holidays, religious celebrations, and meaningful observances distributed throughout the year. These days not only provide time for rest and family gatherings but also serve as powerful reminders of the nation\u2019s cultural heritage and significant historical milestones. Read more","og_url":"https:\/\/resizemyimg.com\/blog\/public-holidays-and-observances-in-the-czech-republic-in-2026\/","og_site_name":"Resize my Image Blog","article_publisher":"https:\/\/www.facebook.com\/webfactoryltd\/","article_published_time":"2026-03-08T05:08:07+00:00","article_modified_time":"2026-03-08T05:11:16+00:00","og_image":[{"width":1080,"height":720,"url":"https:\/\/resizemyimg.com\/blog\/wp-content\/uploads\/2026\/03\/christmas-market-with-decorated-tree-at-night-prague-christmas-market-old-town-square-festive-lights-winter-holiday.jpg","type":"image\/jpeg"}],"author":"Jame Miller","twitter_card":"summary_large_image","twitter_creator":"@webfactoryltd","twitter_site":"@webfactoryltd","twitter_misc":{"Written by":"Jame Miller","Est. reading time":"6 minutes"},"schema":{"@context":"https:\/\/schema.org","@graph":[{"@type":"Article","@id":"https:\/\/resizemyimg.com\/blog\/public-holidays-and-observances-in-the-czech-republic-in-2026\/#article","isPartOf":{"@id":"https:\/\/resizemyimg.com\/blog\/public-holidays-and-observances-in-the-czech-republic-in-2026\/"},"author":{"name":"Jame Miller","@id":"https:\/\/resizemyimg.com\/blog\/#\/schema\/person\/4bece8cd1b5bcd61a4e5dab002eb7dca"},"headline":"Public holidays and observances in the Czech Republic in 2026","datePublished":"2026-03-08T05:08:07+00:00","dateModified":"2026-03-08T05:11:16+00:00","mainEntityOfPage":{"@id":"https:\/\/resizemyimg.com\/blog\/public-holidays-and-observances-in-the-czech-republic-in-2026\/"},"wordCount":1304,"publisher":{"@id":"https:\/\/resizemyimg.com\/blog\/#organization"},"image":{"@id":"https:\/\/resizemyimg.com\/blog\/public-holidays-and-observances-in-the-czech-republic-in-2026\/#primaryimage"},"thumbnailUrl":"https:\/\/resizemyimg.com\/blog\/wp-content\/uploads\/2026\/03\/christmas-market-with-decorated-tree-at-night-prague-christmas-market-old-town-square-festive-lights-winter-holiday.jpg","articleSection":["Blog"],"inLanguage":"en-US"},{"@type":"WebPage","@id":"https:\/\/resizemyimg.com\/blog\/public-holidays-and-observances-in-the-czech-republic-in-2026\/","url":"https:\/\/resizemyimg.com\/blog\/public-holidays-and-observances-in-the-czech-republic-in-2026\/","name":"Public holidays and observances in the Czech Republic in 2026","isPartOf":{"@id":"https:\/\/resizemyimg.com\/blog\/#website"},"primaryImageOfPage":{"@id":"https:\/\/resizemyimg.com\/blog\/public-holidays-and-observances-in-the-czech-republic-in-2026\/#primaryimage"},"image":{"@id":"https:\/\/resizemyimg.com\/blog\/public-holidays-and-observances-in-the-czech-republic-in-2026\/#primaryimage"},"thumbnailUrl":"https:\/\/resizemyimg.com\/blog\/wp-content\/uploads\/2026\/03\/christmas-market-with-decorated-tree-at-night-prague-christmas-market-old-town-square-festive-lights-winter-holiday.jpg","datePublished":"2026-03-08T05:08:07+00:00","dateModified":"2026-03-08T05:11:16+00:00","breadcrumb":{"@id":"https:\/\/resizemyimg.com\/blog\/public-holidays-and-observances-in-the-czech-republic-in-2026\/#breadcrumb"},"inLanguage":"en-US","potentialAction":[{"@type":"ReadAction","target":["https:\/\/resizemyimg.com\/blog\/public-holidays-and-observances-in-the-czech-republic-in-2026\/"]}]},{"@type":"ImageObject","inLanguage":"en-US","@id":"https:\/\/resizemyimg.com\/blog\/public-holidays-and-observances-in-the-czech-republic-in-2026\/#primaryimage","url":"https:\/\/resizemyimg.com\/blog\/wp-content\/uploads\/2026\/03\/christmas-market-with-decorated-tree-at-night-prague-christmas-market-old-town-square-festive-lights-winter-holiday.jpg","contentUrl":"https:\/\/resizemyimg.com\/blog\/wp-content\/uploads\/2026\/03\/christmas-market-with-decorated-tree-at-night-prague-christmas-market-old-town-square-festive-lights-winter-holiday.jpg","width":1080,"height":720},{"@type":"BreadcrumbList","@id":"https:\/\/resizemyimg.com\/blog\/public-holidays-and-observances-in-the-czech-republic-in-2026\/#breadcrumb","itemListElement":[{"@type":"ListItem","position":1,"name":"Home","item":"https:\/\/resizemyimg.com\/blog\/"},{"@type":"ListItem","position":2,"name":"Public holidays and observances in the Czech Republic in 2026"}]},{"@type":"WebSite","@id":"https:\/\/resizemyimg.com\/blog\/#website","url":"https:\/\/resizemyimg.com\/blog\/","name":"Resize my Image Blog","description":"News, insights, tips&amp;tricks on image related business &amp; SaaS","publisher":{"@id":"https:\/\/resizemyimg.com\/blog\/#organization"},"potentialAction":[{"@type":"SearchAction","target":{"@type":"EntryPoint","urlTemplate":"https:\/\/resizemyimg.com\/blog\/?s={search_term_string}"},"query-input":"required name=search_term_string"}],"inLanguage":"en-US"},{"@type":"Organization","@id":"https:\/\/resizemyimg.com\/blog\/#organization","name":"WebFactory Ltd","url":"https:\/\/resizemyimg.com\/blog\/","logo":{"@type":"ImageObject","inLanguage":"en-US","@id":"https:\/\/resizemyimg.com\/blog\/#\/schema\/logo\/image\/","url":"https:\/\/resizemyimg.com\/blog\/wp-content\/uploads\/2019\/12\/webfactory_icon.png","contentUrl":"https:\/\/resizemyimg.com\/blog\/wp-content\/uploads\/2019\/12\/webfactory_icon.png","width":300,"height":300,"caption":"WebFactory Ltd"},"image":{"@id":"https:\/\/resizemyimg.com\/blog\/#\/schema\/logo\/image\/"},"sameAs":["https:\/\/www.facebook.com\/webfactoryltd\/","https:\/\/x.com\/webfactoryltd"]},{"@type":"Person","@id":"https:\/\/resizemyimg.com\/blog\/#\/schema\/person\/4bece8cd1b5bcd61a4e5dab002eb7dca","name":"Jame Miller","image":{"@type":"ImageObject","inLanguage":"en-US","@id":"https:\/\/resizemyimg.com\/blog\/#\/schema\/person\/image\/","url":"https:\/\/secure.gravatar.com\/avatar\/f60a3114f608fcfdd6b15a13f37f24b2?s=96&d=monsterid&r=g","contentUrl":"https:\/\/secure.gravatar.com\/avatar\/f60a3114f608fcfdd6b15a13f37f24b2?s=96&d=monsterid&r=g","caption":"Jame Miller"},"description":"I'm Jame Miller, a cybersecurity analyst and blogger. Sharing knowledge on online security, data protection, and privacy issues is what I do best.","url":"https:\/\/resizemyimg.com\/blog\/author\/jamesm\/"}]}},"amp_enabled":true,"_links":{"self":[{"href":"https:\/\/resizemyimg.com\/blog\/wp-json\/wp\/v2\/posts\/9973"}],"collection":[{"href":"https:\/\/resizemyimg.com\/blog\/wp-json\/wp\/v2\/posts"}],"about":[{"href":"https:\/\/resizemyimg.com\/blog\/wp-json\/wp\/v2\/types\/post"}],"author":[{"embeddable":true,"href":"https:\/\/resizemyimg.com\/blog\/wp-json\/wp\/v2\/users\/91"}],"replies":[{"embeddable":true,"href":"https:\/\/resizemyimg.com\/blog\/wp-json\/wp\/v2\/comments?post=9973"}],"version-history":[{"count":1,"href":"https:\/\/resizemyimg.com\/blog\/wp-json\/wp\/v2\/posts\/9973\/revisions"}],"predecessor-version":[{"id":9997,"href":"https:\/\/resizemyimg.com\/blog\/wp-json\/wp\/v2\/posts\/9973\/revisions\/9997"}],"wp:featuredmedia":[{"embeddable":true,"href":"https:\/\/resizemyimg.com\/blog\/wp-json\/wp\/v2\/media\/9975"}],"wp:attachment":[{"href":"https:\/\/resizemyimg.com\/blog\/wp-json\/wp\/v2\/media?parent=9973"}],"wp:term":[{"taxonomy":"category","embeddable":true,"href":"https:\/\/resizemyimg.com\/blog\/wp-json\/wp\/v2\/categories?post=9973"},{"taxonomy":"post_tag","embeddable":true,"href":"https:\/\/resizemyimg.com\/blog\/wp-json\/wp\/v2\/tags?post=9973"}],"curies":[{"name":"wp","href":"https:\/\/api.w.org\/{rel}","templated":true}]}}